{"id":2156,"date":"2021-03-11T22:10:02","date_gmt":"2021-03-11T22:10:02","guid":{"rendered":"https:\/\/cedeclive.wpengine.com\/?post_type=news&#038;p=2156"},"modified":"2021-11-10T20:53:42","modified_gmt":"2021-11-10T20:53:42","slug":"batir-la-resilience-communautaire-par-lentremise-dentreprises-detenues-et-dirigees-par-des-femmes","status":"publish","type":"news","link":"https:\/\/cedec.ca\/fr\/nouvelles\/batir-la-resilience-communautaire-par-lentremise-dentreprises-detenues-et-dirigees-par-des-femmes\/","title":{"rendered":"B\u00e2tir la r\u00e9silience communautaire par l\u2019entremise d\u2019entreprises d\u00e9tenues et dirig\u00e9es par des femmes"},"content":{"rendered":"\t\t<div data-elementor-type=\"wp-post\" data-elementor-id=\"2156\" class=\"elementor elementor-2156 elementor-2151\" data-elementor-post-type=\"news\">\n\t\t\t\t\t\t<section class=\"elementor-section elementor-top-section elementor-element elementor-element-21b0d5c3 elementor-section-boxed elementor-section-height-default elementor-section-height-default\" data-id=\"21b0d5c3\" data-element_type=\"section\" data-e-type=\"section\">\n\t\t\t\t\t\t<div class=\"elementor-container elementor-column-gap-default\">\n\t\t\t\t\t<div class=\"elementor-column elementor-col-100 elementor-top-column elementor-element elementor-element-7367a266\" data-id=\"7367a266\" data-element_type=\"column\" data-e-type=\"column\">\n\t\t\t<div class=\"elementor-widget-wrap elementor-element-populated\">\n\t\t\t\t\t\t<section class=\"elementor-section elementor-inner-section elementor-element elementor-element-50a34168 elementor-hidden-desktop elementor-section-boxed elementor-section-height-default elementor-section-height-default\" data-id=\"50a34168\" data-element_type=\"section\" data-e-type=\"section\">\n\t\t\t\t\t\t<div class=\"elementor-container elementor-column-gap-default\">\n\t\t\t\t\t<div class=\"elementor-column elementor-col-100 elementor-inner-column elementor-element elementor-element-566525fc\" data-id=\"566525fc\" data-element_type=\"column\" data-e-type=\"column\" data-settings=\"{&quot;background_background&quot;:&quot;classic&quot;}\">\n\t\t\t<div class=\"elementor-widget-wrap elementor-element-populated\">\n\t\t\t\t\t\t<div class=\"elementor-element elementor-element-2bfe8057 elementor-widget elementor-widget-shortcode\" data-id=\"2bfe8057\" data-element_type=\"widget\" data-e-type=\"widget\" data-widget_type=\"shortcode.default\">\n\t\t\t\t<div class=\"elementor-widget-container\">\n\t\t\t\t\t\t\t<div class=\"elementor-shortcode\"><div class=\"news-sidebar\"><ul><li><a href='\/fr\/nouvelles\/'>Toutes les cat\u00e9gories<\/li><li><a href='\/fr\/nouvelles\/?wpv-category=communiques-de-nouvelles'>COMMUNIQU\u00c9S DE NOUVELLES<\/a><\/li><li><a href='\/fr\/nouvelles\/?wpv-category=developpement-economique-collaboratif'>D\u00c9VELOPPEMENT \u00c9CONOMIQUE COLLABORATIF<\/a><\/li><li><a href='\/fr\/nouvelles\/?wpv-category=reprise-economique-en-temps-de-covid-19'>REPRISE \u00c9CONOMIQUE EN TEMPS DE COVID-19<\/a><\/li><li><a href='\/fr\/nouvelles\/?wpv-category=tourisme'>TOURISME<\/a><\/li><li><a href='\/fr\/nouvelles\/?wpv-category=developpement-du-marche-du-travail'>D\u00c9VELOPPEMENT DU MARCH\u00c9 DU TRAVAIL<\/a><\/li><\/ul><\/div<\/div>\n\t\t\t\t\t\t<\/div>\n\t\t\t\t<\/div>\n\t\t\t\t\t<\/div>\n\t\t<\/div>\n\t\t\t\t\t<\/div>\n\t\t<\/section>\n\t\t\t\t\t<\/div>\n\t\t<\/div>\n\t\t\t\t\t<\/div>\n\t\t<\/section>\n\t\t\t\t<section class=\"elementor-section elementor-top-section elementor-element elementor-element-2556e93d elementor-section-boxed elementor-section-height-default elementor-section-height-default\" data-id=\"2556e93d\" data-element_type=\"section\" data-e-type=\"section\">\n\t\t\t\t\t\t<div class=\"elementor-container elementor-column-gap-default\">\n\t\t\t\t\t<div class=\"elementor-column elementor-col-50 elementor-top-column elementor-element elementor-element-9dfe484\" data-id=\"9dfe484\" data-element_type=\"column\" data-e-type=\"column\" data-settings=\"{&quot;background_background&quot;:&quot;classic&quot;}\">\n\t\t\t<div class=\"elementor-widget-wrap elementor-element-populated\">\n\t\t\t\t\t\t<div class=\"elementor-element elementor-element-324c95b5 elementor-widget elementor-widget-image\" data-id=\"324c95b5\" data-element_type=\"widget\" data-e-type=\"widget\" data-widget_type=\"image.default\">\n\t\t\t\t<div class=\"elementor-widget-container\">\n\t\t\t\t\t\t\t\t\t\t\t\t\t\t\t<img fetchpriority=\"high\" decoding=\"async\" width=\"758\" height=\"463\" src=\"https:\/\/cedec.ca\/wp-content\/uploads\/2021\/11\/Orser_blog_header.png\" class=\"attachment-full size-full wp-image-2158\" alt=\"\" srcset=\"https:\/\/cedec.ca\/wp-content\/uploads\/2021\/11\/Orser_blog_header.png 758w, https:\/\/cedec.ca\/wp-content\/uploads\/2021\/11\/Orser_blog_header-300x183.png 300w\" sizes=\"(max-width: 758px) 100vw, 758px\" \/>\t\t\t\t\t\t\t\t\t\t\t\t\t\t\t<\/div>\n\t\t\t\t<\/div>\n\t\t\t\t<section class=\"elementor-section elementor-inner-section elementor-element elementor-element-689ceb08 elementor-section-boxed elementor-section-height-default elementor-section-height-default\" data-id=\"689ceb08\" data-element_type=\"section\" data-e-type=\"section\">\n\t\t\t\t\t\t<div class=\"elementor-container elementor-column-gap-default\">\n\t\t\t\t\t<div class=\"elementor-column elementor-col-100 elementor-inner-column elementor-element elementor-element-38ba69fd\" data-id=\"38ba69fd\" data-element_type=\"column\" data-e-type=\"column\" data-settings=\"{&quot;background_background&quot;:&quot;classic&quot;}\">\n\t\t\t<div class=\"elementor-widget-wrap elementor-element-populated\">\n\t\t\t\t\t\t<div class=\"elementor-element elementor-element-6e738ef0 elementor-widget elementor-widget-heading\" data-id=\"6e738ef0\" data-element_type=\"widget\" data-e-type=\"widget\" data-widget_type=\"heading.default\">\n\t\t\t\t<div class=\"elementor-widget-container\">\n\t\t\t\t\t<h1 class=\"elementor-heading-title elementor-size-default\">B\u00e2tir la r\u00e9silience communautaire par l\u2019entremise d\u2019entreprises d\u00e9tenues et dirig\u00e9es par des femmes<\/h1>\t\t\t\t<\/div>\n\t\t\t\t<\/div>\n\t\t\t\t<div class=\"elementor-element elementor-element-7e2a9ec1 elementor-widget elementor-widget-text-editor\" data-id=\"7e2a9ec1\" data-element_type=\"widget\" data-e-type=\"widget\" data-widget_type=\"text-editor.default\">\n\t\t\t\t<div class=\"elementor-widget-container\">\n\t\t\t\t\t\t\t\t\t<p>Tout au long de mars 2021, la CEDEC a soulign\u00e9 la pr\u00e9sence des femmes dans les affaires et la politique et dans des postes de leadership communautaire dans le cadre de notre s\u00e9rie \u00ab\u2009<a href=\"https:\/\/cedec.ca\/fr\/evenement\/tirer-parti-du-pouvoir-des-femmes\/\">Tirer parti du pouvoir des femmes pour reb\u00e2tir l\u2019\u00e9conomie du Canada<\/a>\u2009\u00bb en l\u2019honneur de la Journ\u00e9e internationale des femmes (le 8\u00a0mars 2021). Nous sommes ravis de nous entretenir avec notre premi\u00e8re invit\u00e9e\u00a0: Barbara J. Orser, M.B.A., Ph. D., professeure titulaire, professeure Deloitte \u00e0 l\u2019\u00c9cole de gestion Telfer de l\u2019Universit\u00e9 d\u2019Ottawa.<\/p>\t\t\t\t\t\t\t\t<\/div>\n\t\t\t\t<\/div>\n\t\t\t\t\t<\/div>\n\t\t<\/div>\n\t\t\t\t\t<\/div>\n\t\t<\/section>\n\t\t\t\t<section class=\"elementor-section elementor-inner-section elementor-element elementor-element-37dce81 elementor-section-boxed elementor-section-height-default elementor-section-height-default\" data-id=\"37dce81\" data-element_type=\"section\" data-e-type=\"section\">\n\t\t\t\t\t\t<div class=\"elementor-container elementor-column-gap-default\">\n\t\t\t\t\t<div class=\"elementor-column elementor-col-100 elementor-inner-column elementor-element elementor-element-b0b7c8b\" data-id=\"b0b7c8b\" data-element_type=\"column\" data-e-type=\"column\" data-settings=\"{&quot;background_background&quot;:&quot;classic&quot;}\">\n\t\t\t<div class=\"elementor-widget-wrap elementor-element-populated\">\n\t\t\t\t\t\t<div class=\"elementor-element elementor-element-7101752 elementor-widget elementor-widget-heading\" data-id=\"7101752\" data-element_type=\"widget\" data-e-type=\"widget\" data-widget_type=\"heading.default\">\n\t\t\t\t<div class=\"elementor-widget-container\">\n\t\t\t\t\t<h4 class=\"elementor-heading-title elementor-size-default\">Q. : Comment les entreprises d\u00e9tenues et dirig\u00e9es par des femmes offrent-elles un avantage concurrentiel \u00e0 l\u2019\u00e9conomie canadienne durant la pand\u00e9mie et dans la phase de reprise postpand\u00e9mie? <\/h4>\t\t\t\t<\/div>\n\t\t\t\t<\/div>\n\t\t\t\t<div class=\"elementor-element elementor-element-fc9bc04 elementor-widget elementor-widget-text-editor\" data-id=\"fc9bc04\" data-element_type=\"widget\" data-e-type=\"widget\" data-widget_type=\"text-editor.default\">\n\t\t\t\t<div class=\"elementor-widget-container\">\n\t\t\t\t\t\t\t\t\t<p>La semaine derni\u00e8re, les copropri\u00e9taires de <a href=\"https:\/\/www.facebook.com\/capitalcityluggage\/\" target=\"_blank\" rel=\"noopener\">Capital City Luggage &amp; Repairs<\/a> \u00e0 Ottawa a annonc\u00e9 que, apr\u00e8s 35\u00a0ans, ils liquidaient leur inventaire, fermaient leurs portes et remettaient l\u2019entreprise \u00e0 une des filles de l\u2019un des propri\u00e9taires qui se concentra sur les ventes en ligne. L\u2019annonce refl\u00e8te quelques-uns des d\u00e9fis auxquels les petites entreprises font face durant la pand\u00e9mie et les possibilit\u00e9s lors de la reprise postpand\u00e9mie.<\/p><p>Plusieurs ont lu des reportages sur les effets d\u00e9vastateurs de la pand\u00e9mie sur les petites entreprises, particuli\u00e8rement celles qui servent les consommateurs, comme le commerce de d\u00e9tail et les voyages. Il semble que Capital City Luggage and Repairs coche les deux cases. Plusieurs en sont aussi conscients ou peut-\u00eatre ils vivent avec les effets qu\u2019entraine la gestion d\u2019une entreprise pendant qu\u2019ils s\u2019efforcent de jongler avec les responsabilit\u00e9s familiales associ\u00e9es aux mesures d\u2019endiguement du virus.<\/p><p>\u00c9tant donn\u00e9 que les femmes sont plus susceptibles d\u2019\u0153uvrer dans des secteurs qui ont \u00e9t\u00e9 les plus durement touch\u00e9s par la pand\u00e9mie, il n\u2019est gu\u00e8re surprenant que <a href=\"https:\/\/www150.statcan.gc.ca\/n1\/pub\/45-28-0001\/2020001\/article\/00056-fra.htm\" target=\"_blank\" rel=\"noopener\">Statistique Canada<\/a> rapporte que, compar\u00e9 \u00e0 toutes les petites et moyennes entreprises, les femmes qui d\u00e9tiennent des entreprises sont plus susceptibles d\u2019avoir transform\u00e9 des produits ou services, d\u2019avoir ferm\u00e9 temporairement ou annul\u00e9 des contrats comme moyens d\u2019adaptation. L\u2019observation empirique sugg\u00e8re que les femmes sont surrepr\u00e9sent\u00e9es dans les programmes pour le num\u00e9rique et les rues principales. La transition de Capital City Luggage &amp; Repairs \u00e0 la vente en ligne refl\u00e8te les efforts de nombreuses femmes qui se recyclent pour augmenter leur productivit\u00e9 et accro\u00eetre leur client\u00e8le.<\/p><p>Il s\u2019agit d\u2019une bonne nouvelle pour l\u2019\u00e9conomie du Canada puisque les entrepreneures apportent des innovations fond\u00e9es sur l\u2019exp\u00e9rience au march\u00e9 et qu\u2019elles aident \u00e0 garantir l\u2019approvisionnement local. Un r\u00e9seau grandissant d\u2019entreprises \u00e0 vocation sociale dirig\u00e9es par des femmes cr\u00e9e des emplois, souvent en embauchant des femmes tout en abordant les besoins de la communaut\u00e9. Par exemple, un rapport publi\u00e9 en 2020 par le <a href=\"https:\/\/wekh.ca\/wp-content\/uploads\/2020\/10\/Etat_des_lieux_de_lentrepreneuriat_feminin_au_Canada_2020.pdf\" target=\"_blank\" rel=\"noopener\">Portail de connaissances pour les femmes en entrepreneuriat<\/a> soutient que la majorit\u00e9 des entreprises \u00e0 vocation sociale dirig\u00e9es par des femmes sont 10 fois plus susceptibles d\u2019\u00eatre un organisme sans but lucratif ou un organisme caritatif qu\u2019une entreprise sociale \u00e0 but lucratif.<\/p>\t\t\t\t\t\t\t\t<\/div>\n\t\t\t\t<\/div>\n\t\t\t\t\t<\/div>\n\t\t<\/div>\n\t\t\t\t\t<\/div>\n\t\t<\/section>\n\t\t\t\t<section class=\"elementor-section elementor-inner-section elementor-element elementor-element-375def4 elementor-section-boxed elementor-section-height-default elementor-section-height-default\" data-id=\"375def4\" data-element_type=\"section\" data-e-type=\"section\">\n\t\t\t\t\t\t<div class=\"elementor-container elementor-column-gap-default\">\n\t\t\t\t\t<div class=\"elementor-column elementor-col-100 elementor-inner-column elementor-element elementor-element-9b23215\" data-id=\"9b23215\" data-element_type=\"column\" data-e-type=\"column\" data-settings=\"{&quot;background_background&quot;:&quot;classic&quot;}\">\n\t\t\t<div class=\"elementor-widget-wrap elementor-element-populated\">\n\t\t\t\t\t\t<div class=\"elementor-element elementor-element-fe6625e elementor-widget elementor-widget-heading\" data-id=\"fe6625e\" data-element_type=\"widget\" data-e-type=\"widget\" data-widget_type=\"heading.default\">\n\t\t\t\t<div class=\"elementor-widget-container\">\n\t\t\t\t\t<h4 class=\"elementor-heading-title elementor-size-default\">Q. : Quelles sont les implications de ne pas engager pleinement les femmes dans la reprise \u00e9conomique? <\/h4>\t\t\t\t<\/div>\n\t\t\t\t<\/div>\n\t\t\t\t<div class=\"elementor-element elementor-element-aee1af5 elementor-widget elementor-widget-text-editor\" data-id=\"aee1af5\" data-element_type=\"widget\" data-e-type=\"widget\" data-widget_type=\"text-editor.default\">\n\t\t\t\t<div class=\"elementor-widget-container\">\n\t\t\t\t\t\t\t\t\t<p>La <a href=\"https:\/\/www.mckinsey.com\/featured-insights\/future-of-work\/covid-19-and-gender-equality-countering-the-regressive-effects\" target=\"_blank\" rel=\"noopener\">McKinsey Global Institute<\/a> (2020) estime qu\u2019un sc\u00e9nario comportant la r\u00e9gression des genres dans lequel aucune action n\u2019est entreprise pour contrer les effets de la pand\u00e9mie r\u00e9duira le PIB mondial de 1\u00a0billion de dollars. Par contraste, agir pour faire progresser l\u2019\u00e9galit\u00e9 des genres contribuera 13\u00a0billions de dollars au PIB mondial en 2030. Malheureusement, il est de plus en plus manifeste que le premier sc\u00e9nario peut \u00eatre celui qui sera jou\u00e9 au Canada.<\/p><p>Cette semaine [mars 2021], la <a href=\"https:\/\/leadershipavise.rbc.com\/la-covid-19-a-assombri-davantage-les-perspectives-des-canadiennes-dont-les-emplois-sont-menaces\/?_ga=2.177070307.792284181.1615492005-331970731.1615492005\" target=\"_blank\" rel=\"noopener\">RBC<\/a> a rapport\u00e9 que presque un demi-million des Canadiennes qui ont perdu leur emploi durant la pand\u00e9mie n\u2019\u00e9taient pas retourn\u00e9es travailler depuis janvier 2021. Plus de 200\u2009000 d\u2019entre elles ont gliss\u00e9 dans les rangs du ch\u00f4mage \u00e0 long terme, refl\u00e9tant une augmentation du triple \u00e0 comparer \u00e0 l\u2019an dernier. Ce sont les signes avant-coureurs des r\u00e9percussions de l\u2019absence de l\u2019engagement des femmes dans la reprise.<\/p>\t\t\t\t\t\t\t\t<\/div>\n\t\t\t\t<\/div>\n\t\t\t\t\t<\/div>\n\t\t<\/div>\n\t\t\t\t\t<\/div>\n\t\t<\/section>\n\t\t\t\t<section class=\"elementor-section elementor-inner-section elementor-element elementor-element-858f7f2 elementor-section-boxed elementor-section-height-default elementor-section-height-default\" data-id=\"858f7f2\" data-element_type=\"section\" data-e-type=\"section\">\n\t\t\t\t\t\t<div class=\"elementor-container elementor-column-gap-default\">\n\t\t\t\t\t<div class=\"elementor-column elementor-col-100 elementor-inner-column elementor-element elementor-element-8977ce1\" data-id=\"8977ce1\" data-element_type=\"column\" data-e-type=\"column\" data-settings=\"{&quot;background_background&quot;:&quot;classic&quot;}\">\n\t\t\t<div class=\"elementor-widget-wrap elementor-element-populated\">\n\t\t\t\t\t\t<div class=\"elementor-element elementor-element-94b3fcb elementor-widget elementor-widget-heading\" data-id=\"94b3fcb\" data-element_type=\"widget\" data-e-type=\"widget\" data-widget_type=\"heading.default\">\n\t\t\t\t<div class=\"elementor-widget-container\">\n\t\t\t\t\t<h4 class=\"elementor-heading-title elementor-size-default\">Q. : Avec un regard vers l\u2019avenir et un maintien de l\u2019avantage concurrentiel du Canada sur la sc\u00e8ne mondiale, comment la soci\u00e9t\u00e9 peut-elle mieux soutenir les femmes en affaires et les dirigeantes?<\/h4>\t\t\t\t<\/div>\n\t\t\t\t<\/div>\n\t\t\t\t<div class=\"elementor-element elementor-element-10bde65 elementor-widget elementor-widget-text-editor\" data-id=\"10bde65\" data-element_type=\"widget\" data-e-type=\"widget\" data-widget_type=\"text-editor.default\">\n\t\t\t\t<div class=\"elementor-widget-container\">\n\t\t\t\t\t\t\t\t\t<p>La <a href=\"https:\/\/cedec.ca\/fr\/covid-19-ressources\/\">communaut\u00e9 de la CEDEC<\/a> est bien plac\u00e9e pour aider les femmes en affaires au moment o\u00f9 les mesures d\u2019all\u00e8gement s\u2019att\u00e9nuent. Ceci inclut les organismes de soutien aux entreprises r\u00e9gionales et les programmes de formation r\u00e9gionaux. Comme le pr\u00e9cise le rapport de la RBC, la pand\u00e9mie a d\u00e9montr\u00e9 la valeur des comp\u00e9tences num\u00e9riques dans tous les secteurs.<\/p><p>Des \u00e9tudes effectu\u00e9es par l\u2019\u00c9cole de gestion Telfer ont r\u00e9v\u00e9l\u00e9 que, avant la pand\u00e9mie et en comparaison aux hommes, les femmes \u00e9taient moins susceptibles d\u2019adopter la technologie pour les op\u00e9rations commerciales et d\u2019acc\u00e9der \u00e0 la formation communautaire. R\u00e9pondre aux besoins des entrepreneures est maintenant un test d\u00e9cisif de la capacit\u00e9 des organismes de soutien \u00e0 l\u2019entreprise de r\u00e9pondre efficacement \u00e0 la reprise postpand\u00e9mie. Ceci comprend une offre de formation professionnelle \u00e0 tous les types d\u2019entreprises, y compris les coop\u00e9ratives, les organismes sans but lucratif et les entreprises \u00e0 vocation sociale. La priorit\u00e9 revient \u00e0 ces secteurs o\u00f9 les femmes qui d\u00e9tiennent des entreprises sont pr\u00e9dominantes.\u00a0 Les mesures du rendement des programmes doivent s\u2019\u00e9largir au-del\u00e0 des r\u00e9sultats \u00e9conomiques conventionnels pour inclure les r\u00e9sultats sociaux et l\u2019engagement des entrepreneures.<\/p><p>Les entreprises et les consommateurs peuvent aussi y jouer un r\u00f4le en achetant d\u2019entreprises d\u00e9tenues et dirig\u00e9es par des femmes. Le <a href=\"https:\/\/wbecanada.ca\/fr\/\" target=\"_blank\" rel=\"noopener\">WBE Canada<\/a>, un organisme sans but lucratif canadien qui travaille aupr\u00e8s des corporations et des gouvernements pour inclure les entreprises d\u00e9tenues par des femmes dans la chaine d\u2019approvisionnement, a facilit\u00e9 ce r\u00f4le.\u00a0 En mars 2021, le WBE Canada a lanc\u00e9 la \u00ab\u00a0Canadian Women Brand\u00a0\u00bb, un logo qui identifie un produit fabriqu\u00e9 ou un service offert par une entreprise d\u00e9tenue par une Canadienne.<\/p><p>De telles mesures aideront \u00e0 garantir que nous jouons tous un r\u00f4le dans le maintien de l\u2019avantage concurrentiel du Canada \u2014 et que nous en profitons tous \u2014 en soutenant les entrepreneures.<\/p>\t\t\t\t\t\t\t\t<\/div>\n\t\t\t\t<\/div>\n\t\t\t\t\t<\/div>\n\t\t<\/div>\n\t\t\t\t\t<\/div>\n\t\t<\/section>\n\t\t\t\t<section class=\"elementor-section elementor-inner-section elementor-element elementor-element-6666de83 elementor-section-boxed elementor-section-height-default elementor-section-height-default\" data-id=\"6666de83\" data-element_type=\"section\" data-e-type=\"section\" data-settings=\"{&quot;background_background&quot;:&quot;classic&quot;}\">\n\t\t\t\t\t\t<div class=\"elementor-container elementor-column-gap-default\">\n\t\t\t\t\t<div class=\"elementor-column elementor-col-100 elementor-inner-column elementor-element elementor-element-183951c3\" data-id=\"183951c3\" data-element_type=\"column\" data-e-type=\"column\">\n\t\t\t<div class=\"elementor-widget-wrap elementor-element-populated\">\n\t\t\t\t\t\t<div class=\"elementor-element elementor-element-a5bb9fe elementor-widget-divider--view-line elementor-widget elementor-widget-divider\" data-id=\"a5bb9fe\" data-element_type=\"widget\" data-e-type=\"widget\" data-widget_type=\"divider.default\">\n\t\t\t\t<div class=\"elementor-widget-container\">\n\t\t\t\t\t\t\t<div class=\"elementor-divider\">\n\t\t\t<span class=\"elementor-divider-separator\">\n\t\t\t\t\t\t<\/span>\n\t\t<\/div>\n\t\t\t\t\t\t<\/div>\n\t\t\t\t<\/div>\n\t\t\t\t\t<\/div>\n\t\t<\/div>\n\t\t\t\t\t<\/div>\n\t\t<\/section>\n\t\t\t\t<section class=\"elementor-section elementor-inner-section elementor-element elementor-element-24ab29d3 elementor-section-boxed elementor-section-height-default elementor-section-height-default\" data-id=\"24ab29d3\" data-element_type=\"section\" data-e-type=\"section\" data-settings=\"{&quot;background_background&quot;:&quot;classic&quot;}\">\n\t\t\t\t\t\t<div class=\"elementor-container elementor-column-gap-default\">\n\t\t\t\t\t<div class=\"elementor-column elementor-col-50 elementor-inner-column elementor-element elementor-element-20053156\" data-id=\"20053156\" data-element_type=\"column\" data-e-type=\"column\">\n\t\t\t<div class=\"elementor-widget-wrap elementor-element-populated\">\n\t\t\t\t\t\t<div class=\"elementor-element elementor-element-44ce4588 elementor-widget elementor-widget-image\" data-id=\"44ce4588\" data-element_type=\"widget\" data-e-type=\"widget\" data-widget_type=\"image.default\">\n\t\t\t\t<div class=\"elementor-widget-container\">\n\t\t\t\t\t\t\t\t\t\t\t\t\t\t\t<img decoding=\"async\" width=\"220\" height=\"275\" src=\"https:\/\/cedec.ca\/wp-content\/uploads\/2021\/11\/BarbaraOrser.webp\" class=\"attachment-full size-full wp-image-2150\" alt=\"\" \/>\t\t\t\t\t\t\t\t\t\t\t\t\t\t\t<\/div>\n\t\t\t\t<\/div>\n\t\t\t\t\t<\/div>\n\t\t<\/div>\n\t\t\t\t<div class=\"elementor-column elementor-col-50 elementor-inner-column elementor-element elementor-element-21e98aa\" data-id=\"21e98aa\" data-element_type=\"column\" data-e-type=\"column\">\n\t\t\t<div class=\"elementor-widget-wrap elementor-element-populated\">\n\t\t\t\t\t\t<div class=\"elementor-element elementor-element-4fcc0b9f elementor-widget elementor-widget-heading\" data-id=\"4fcc0b9f\" data-element_type=\"widget\" data-e-type=\"widget\" data-widget_type=\"heading.default\">\n\t\t\t\t<div class=\"elementor-widget-container\">\n\t\t\t\t\t<span class=\"elementor-heading-title elementor-size-default\">\u00c0 propos de Barbara Orser<\/span>\t\t\t\t<\/div>\n\t\t\t\t<\/div>\n\t\t\t\t<div class=\"elementor-element elementor-element-544a0c1f elementor-widget elementor-widget-text-editor\" data-id=\"544a0c1f\" data-element_type=\"widget\" data-e-type=\"widget\" data-widget_type=\"text-editor.default\">\n\t\t\t\t<div class=\"elementor-widget-container\">\n\t\t\t\t\t\t\t\t\t<div class=\"elementor-element elementor-element-0f7e525 elementor-widget elementor-widget-text-editor\" data-id=\"0f7e525\" data-element_type=\"widget\" data-widget_type=\"text-editor.default\"><div class=\"elementor-widget-container\"><div class=\"elementor-text-editor elementor-clearfix\"><div class=\"elementor-element elementor-element-0f7e525 elementor-widget elementor-widget-text-editor\" data-id=\"0f7e525\" data-element_type=\"widget\" data-widget_type=\"text-editor.default\"><div class=\"elementor-widget-container\"><div class=\"elementor-text-editor elementor-clearfix\"><p><a href=\"https:\/\/telfer.uottawa.ca\/fr\/repertoire\/barbara-orser\/\" target=\"_blank\" rel=\"noopener\">Professeure Barbara Orser<\/a> est une professeure titulaire et une professeure Deloitte en gestion des entreprises de croissance \u00e0 l\u2019\u00c9cole de gestion Telfer de l\u2019Universit\u00e9 d\u2019Ottawa. Pour des \u00e9tudes connexes effectu\u00e9es par Telfer, visitez le <a href=\"https:\/\/sites.telfer.uottawa.ca\/were\/\" target=\"_blank\" rel=\"noopener\">Women Entrepreneurs Research Exchange.<\/a><\/p><\/div><\/div><\/div><\/div><\/div><\/div>\t\t\t\t\t\t\t\t<\/div>\n\t\t\t\t<\/div>\n\t\t\t\t\t<\/div>\n\t\t<\/div>\n\t\t\t\t\t<\/div>\n\t\t<\/section>\n\t\t\t\t<section class=\"elementor-section elementor-inner-section elementor-element elementor-element-ff8082 elementor-section-boxed elementor-section-height-default elementor-section-height-default\" data-id=\"ff8082\" data-element_type=\"section\" data-e-type=\"section\">\n\t\t\t\t\t\t<div class=\"elementor-container elementor-column-gap-default\">\n\t\t\t\t\t<div class=\"elementor-column elementor-col-100 elementor-inner-column elementor-element elementor-element-3c32e5af\" data-id=\"3c32e5af\" data-element_type=\"column\" data-e-type=\"column\">\n\t\t\t<div class=\"elementor-widget-wrap elementor-element-populated\">\n\t\t\t\t\t\t<div class=\"elementor-element elementor-element-24c537e0 elementor-widget elementor-widget-post-navigation\" data-id=\"24c537e0\" data-element_type=\"widget\" data-e-type=\"widget\" data-widget_type=\"post-navigation.default\">\n\t\t\t\t<div class=\"elementor-widget-container\">\n\t\t\t\t\t\t\t<div class=\"elementor-post-navigation\" role=\"navigation\" aria-label=\"Navigation de publication\">\n\t\t\t<div class=\"elementor-post-navigation__prev elementor-post-navigation__link\">\n\t\t\t\t<a href=\"https:\/\/cedec.ca\/fr\/nouvelles\/une-reference-au-travail-de-pionnier-de-la-cedec-dans-la-nouvelle-strategie-de-croissance-du-canada-pour-lapres-covid-19\/\" rel=\"prev\"><span class=\"post-navigation__arrow-wrapper post-navigation__arrow-prev\"><i aria-hidden=\"true\" class=\"fas fa-angle-left\"><\/i><span class=\"elementor-screen-only\">Pr\u00e9c\u00e9dent<\/span><\/span><span class=\"elementor-post-navigation__link__prev\"><\/span><\/a>\t\t\t<\/div>\n\t\t\t\t\t\t<div class=\"elementor-post-navigation__next elementor-post-navigation__link\">\n\t\t\t\t<a href=\"https:\/\/cedec.ca\/fr\/nouvelles\/tirer-parti-du-pouvoir-des-femmes-pour-rebatir-leconomie-du-canada\/\" rel=\"next\"><span class=\"elementor-post-navigation__link__next\"><\/span><span class=\"post-navigation__arrow-wrapper post-navigation__arrow-next\"><i aria-hidden=\"true\" class=\"fas fa-angle-right\"><\/i><span class=\"elementor-screen-only\">Suivant<\/span><\/span><\/a>\t\t\t<\/div>\n\t\t<\/div>\n\t\t\t\t\t\t<\/div>\n\t\t\t\t<\/div>\n\t\t\t\t\t<\/div>\n\t\t<\/div>\n\t\t\t\t\t<\/div>\n\t\t<\/section>\n\t\t\t\t\t<\/div>\n\t\t<\/div>\n\t\t\t\t<div class=\"elementor-column elementor-col-50 elementor-top-column elementor-element elementor-element-5de93ed5 sticky-parent\" data-id=\"5de93ed5\" data-element_type=\"column\" data-e-type=\"column\">\n\t\t\t<div class=\"elementor-widget-wrap elementor-element-populated\">\n\t\t\t\t\t\t<section class=\"elementor-section elementor-inner-section elementor-element elementor-element-4ccb15ad sticky-column elementor-hidden-tablet elementor-hidden-phone elementor-section-boxed elementor-section-height-default elementor-section-height-default\" data-id=\"4ccb15ad\" data-element_type=\"section\" data-e-type=\"section\">\n\t\t\t\t\t\t<div class=\"elementor-container elementor-column-gap-default\">\n\t\t\t\t\t<div class=\"elementor-column elementor-col-100 elementor-inner-column elementor-element elementor-element-2f87cb7 titlesticky\" data-id=\"2f87cb7\" data-element_type=\"column\" data-e-type=\"column\" data-settings=\"{&quot;background_background&quot;:&quot;classic&quot;}\">\n\t\t\t<div class=\"elementor-widget-wrap elementor-element-populated\">\n\t\t\t\t\t\t<div class=\"elementor-element elementor-element-68c7d388 elementor-widget elementor-widget-shortcode\" data-id=\"68c7d388\" data-element_type=\"widget\" data-e-type=\"widget\" data-widget_type=\"shortcode.default\">\n\t\t\t\t<div class=\"elementor-widget-container\">\n\t\t\t\t\t\t\t<div class=\"elementor-shortcode\"><div class=\"news-sidebar\"><ul><li><a href='\/fr\/nouvelles\/'>Toutes les cat\u00e9gories<\/li><li><a href='\/fr\/nouvelles\/?wpv-category=communiques-de-nouvelles'>COMMUNIQU\u00c9S DE NOUVELLES<\/a><\/li><li><a href='\/fr\/nouvelles\/?wpv-category=developpement-economique-collaboratif'>D\u00c9VELOPPEMENT \u00c9CONOMIQUE COLLABORATIF<\/a><\/li><li><a href='\/fr\/nouvelles\/?wpv-category=reprise-economique-en-temps-de-covid-19'>REPRISE \u00c9CONOMIQUE EN TEMPS DE COVID-19<\/a><\/li><li><a href='\/fr\/nouvelles\/?wpv-category=tourisme'>TOURISME<\/a><\/li><li><a href='\/fr\/nouvelles\/?wpv-category=developpement-du-marche-du-travail'>D\u00c9VELOPPEMENT DU MARCH\u00c9 DU TRAVAIL<\/a><\/li><\/ul><\/div<\/div>\n\t\t\t\t\t\t<\/div>\n\t\t\t\t<\/div>\n\t\t\t\t\t<\/div>\n\t\t<\/div>\n\t\t\t\t\t<\/div>\n\t\t<\/section>\n\t\t\t\t\t<\/div>\n\t\t<\/div>\n\t\t\t\t\t<\/div>\n\t\t<\/section>\n\t\t\t\t<\/div>\n\t\t","protected":false},"excerpt":{"rendered":"<p>B\u00e2tir la r\u00e9silience communautaire par l\u2019entremise d\u2019entreprises d\u00e9tenues et dirig\u00e9es par des femmes Tout au long de mars 2021, la CEDEC a soulign\u00e9 la pr\u00e9sence des femmes dans les affaires et la politique et dans des postes de leadership communautaire dans le cadre de notre s\u00e9rie \u00ab\u2009Tirer parti du pouvoir des femmes pour reb\u00e2tir l\u2019\u00e9conomie [&hellip;]<\/p>\n","protected":false},"featured_media":2158,"template":"","news-categories":[39],"class_list":["post-2156","news","type-news","status-publish","has-post-thumbnail","hentry","news-categories-reprise-economique-en-temps-de-covid-19","entry","has-media"],"acf":[],"yoast_head":"<!-- This site is optimized with the Yoast SEO plugin v27.4 - https:\/\/yoast.com\/product\/yoast-seo-wordpress\/ -->\n<title>B\u00e2tir la r\u00e9silience communautaire par l\u2019entremise d\u2019entreprises d\u00e9tenues et dirig\u00e9es par des femmes - CEDEC<\/title>\n<meta name=\"robots\" content=\"index, follow, max-snippet:-1, max-image-preview:large, max-video-preview:-1\" \/>\n<link rel=\"canonical\" href=\"https:\/\/cedec.ca\/fr\/nouvelles\/batir-la-resilience-communautaire-par-lentremise-dentreprises-detenues-et-dirigees-par-des-femmes\/\" \/>\n<meta property=\"og:locale\" content=\"fr_FR\" \/>\n<meta property=\"og:type\" content=\"article\" \/>\n<meta property=\"og:title\" content=\"B\u00e2tir la r\u00e9silience communautaire par l\u2019entremise d\u2019entreprises d\u00e9tenues et dirig\u00e9es par des femmes - CEDEC\" \/>\n<meta property=\"og:description\" content=\"B\u00e2tir la r\u00e9silience communautaire par l\u2019entremise d\u2019entreprises d\u00e9tenues et dirig\u00e9es par des femmes Tout au long de mars 2021, la CEDEC a soulign\u00e9 la pr\u00e9sence des femmes dans les affaires et la politique et dans des postes de leadership communautaire dans le cadre de notre s\u00e9rie \u00ab\u2009Tirer parti du pouvoir des femmes pour reb\u00e2tir l\u2019\u00e9conomie [&hellip;]\" \/>\n<meta property=\"og:url\" content=\"https:\/\/cedec.ca\/fr\/nouvelles\/batir-la-resilience-communautaire-par-lentremise-dentreprises-detenues-et-dirigees-par-des-femmes\/\" \/>\n<meta property=\"og:site_name\" content=\"CEDEC\" \/>\n<meta property=\"article:modified_time\" content=\"2021-11-10T20:53:42+00:00\" \/>\n<meta property=\"og:image\" content=\"https:\/\/cedec.ca\/wp-content\/uploads\/2021\/11\/Orser_blog_header.png\" \/>\n\t<meta property=\"og:image:width\" content=\"758\" \/>\n\t<meta property=\"og:image:height\" content=\"463\" \/>\n\t<meta property=\"og:image:type\" content=\"image\/png\" \/>\n<meta name=\"twitter:card\" content=\"summary_large_image\" \/>\n<meta name=\"twitter:label1\" content=\"Dur\u00e9e de lecture estim\u00e9e\" \/>\n\t<meta name=\"twitter:data1\" content=\"6 minutes\" \/>\n<script type=\"application\/ld+json\" class=\"yoast-schema-graph\">{\"@context\":\"https:\\\/\\\/schema.org\",\"@graph\":[{\"@type\":\"WebPage\",\"@id\":\"https:\\\/\\\/cedec.ca\\\/fr\\\/nouvelles\\\/batir-la-resilience-communautaire-par-lentremise-dentreprises-detenues-et-dirigees-par-des-femmes\\\/\",\"url\":\"https:\\\/\\\/cedec.ca\\\/fr\\\/nouvelles\\\/batir-la-resilience-communautaire-par-lentremise-dentreprises-detenues-et-dirigees-par-des-femmes\\\/\",\"name\":\"B\u00e2tir la r\u00e9silience communautaire par l\u2019entremise d\u2019entreprises d\u00e9tenues et dirig\u00e9es par des femmes - CEDEC\",\"isPartOf\":{\"@id\":\"https:\\\/\\\/cedec.ca\\\/fr\\\/#website\"},\"primaryImageOfPage\":{\"@id\":\"https:\\\/\\\/cedec.ca\\\/fr\\\/nouvelles\\\/batir-la-resilience-communautaire-par-lentremise-dentreprises-detenues-et-dirigees-par-des-femmes\\\/#primaryimage\"},\"image\":{\"@id\":\"https:\\\/\\\/cedec.ca\\\/fr\\\/nouvelles\\\/batir-la-resilience-communautaire-par-lentremise-dentreprises-detenues-et-dirigees-par-des-femmes\\\/#primaryimage\"},\"thumbnailUrl\":\"https:\\\/\\\/cedec.ca\\\/wp-content\\\/uploads\\\/2021\\\/11\\\/Orser_blog_header.png\",\"datePublished\":\"2021-03-11T22:10:02+00:00\",\"dateModified\":\"2021-11-10T20:53:42+00:00\",\"breadcrumb\":{\"@id\":\"https:\\\/\\\/cedec.ca\\\/fr\\\/nouvelles\\\/batir-la-resilience-communautaire-par-lentremise-dentreprises-detenues-et-dirigees-par-des-femmes\\\/#breadcrumb\"},\"inLanguage\":\"fr-FR\",\"potentialAction\":[{\"@type\":\"ReadAction\",\"target\":[\"https:\\\/\\\/cedec.ca\\\/fr\\\/nouvelles\\\/batir-la-resilience-communautaire-par-lentremise-dentreprises-detenues-et-dirigees-par-des-femmes\\\/\"]}]},{\"@type\":\"ImageObject\",\"inLanguage\":\"fr-FR\",\"@id\":\"https:\\\/\\\/cedec.ca\\\/fr\\\/nouvelles\\\/batir-la-resilience-communautaire-par-lentremise-dentreprises-detenues-et-dirigees-par-des-femmes\\\/#primaryimage\",\"url\":\"https:\\\/\\\/cedec.ca\\\/wp-content\\\/uploads\\\/2021\\\/11\\\/Orser_blog_header.png\",\"contentUrl\":\"https:\\\/\\\/cedec.ca\\\/wp-content\\\/uploads\\\/2021\\\/11\\\/Orser_blog_header.png\",\"width\":758,\"height\":463},{\"@type\":\"BreadcrumbList\",\"@id\":\"https:\\\/\\\/cedec.ca\\\/fr\\\/nouvelles\\\/batir-la-resilience-communautaire-par-lentremise-dentreprises-detenues-et-dirigees-par-des-femmes\\\/#breadcrumb\",\"itemListElement\":[{\"@type\":\"ListItem\",\"position\":1,\"name\":\"Home\",\"item\":\"https:\\\/\\\/cedec.ca\\\/fr\\\/\"},{\"@type\":\"ListItem\",\"position\":2,\"name\":\"Nouvelles\",\"item\":\"https:\\\/\\\/cedec.ca\\\/fr\\\/nouvelles\\\/\"},{\"@type\":\"ListItem\",\"position\":3,\"name\":\"B\u00e2tir la r\u00e9silience communautaire par l\u2019entremise d\u2019entreprises d\u00e9tenues et dirig\u00e9es par des femmes\"}]},{\"@type\":\"WebSite\",\"@id\":\"https:\\\/\\\/cedec.ca\\\/fr\\\/#website\",\"url\":\"https:\\\/\\\/cedec.ca\\\/fr\\\/\",\"name\":\"CEDEC\",\"description\":\"\",\"potentialAction\":[{\"@type\":\"SearchAction\",\"target\":{\"@type\":\"EntryPoint\",\"urlTemplate\":\"https:\\\/\\\/cedec.ca\\\/fr\\\/?s={search_term_string}\"},\"query-input\":{\"@type\":\"PropertyValueSpecification\",\"valueRequired\":true,\"valueName\":\"search_term_string\"}}],\"inLanguage\":\"fr-FR\"}]}<\/script>\n<!-- \/ Yoast SEO plugin. -->","yoast_head_json":{"title":"B\u00e2tir la r\u00e9silience communautaire par l\u2019entremise d\u2019entreprises d\u00e9tenues et dirig\u00e9es par des femmes - CEDEC","robots":{"index":"index","follow":"follow","max-snippet":"max-snippet:-1","max-image-preview":"max-image-preview:large","max-video-preview":"max-video-preview:-1"},"canonical":"https:\/\/cedec.ca\/fr\/nouvelles\/batir-la-resilience-communautaire-par-lentremise-dentreprises-detenues-et-dirigees-par-des-femmes\/","og_locale":"fr_FR","og_type":"article","og_title":"B\u00e2tir la r\u00e9silience communautaire par l\u2019entremise d\u2019entreprises d\u00e9tenues et dirig\u00e9es par des femmes - CEDEC","og_description":"B\u00e2tir la r\u00e9silience communautaire par l\u2019entremise d\u2019entreprises d\u00e9tenues et dirig\u00e9es par des femmes Tout au long de mars 2021, la CEDEC a soulign\u00e9 la pr\u00e9sence des femmes dans les affaires et la politique et dans des postes de leadership communautaire dans le cadre de notre s\u00e9rie \u00ab\u2009Tirer parti du pouvoir des femmes pour reb\u00e2tir l\u2019\u00e9conomie [&hellip;]","og_url":"https:\/\/cedec.ca\/fr\/nouvelles\/batir-la-resilience-communautaire-par-lentremise-dentreprises-detenues-et-dirigees-par-des-femmes\/","og_site_name":"CEDEC","article_modified_time":"2021-11-10T20:53:42+00:00","og_image":[{"width":758,"height":463,"url":"https:\/\/cedec.ca\/wp-content\/uploads\/2021\/11\/Orser_blog_header.png","type":"image\/png"}],"twitter_card":"summary_large_image","twitter_misc":{"Dur\u00e9e de lecture estim\u00e9e":"6 minutes"},"schema":{"@context":"https:\/\/schema.org","@graph":[{"@type":"WebPage","@id":"https:\/\/cedec.ca\/fr\/nouvelles\/batir-la-resilience-communautaire-par-lentremise-dentreprises-detenues-et-dirigees-par-des-femmes\/","url":"https:\/\/cedec.ca\/fr\/nouvelles\/batir-la-resilience-communautaire-par-lentremise-dentreprises-detenues-et-dirigees-par-des-femmes\/","name":"B\u00e2tir la r\u00e9silience communautaire par l\u2019entremise d\u2019entreprises d\u00e9tenues et dirig\u00e9es par des femmes - CEDEC","isPartOf":{"@id":"https:\/\/cedec.ca\/fr\/#website"},"primaryImageOfPage":{"@id":"https:\/\/cedec.ca\/fr\/nouvelles\/batir-la-resilience-communautaire-par-lentremise-dentreprises-detenues-et-dirigees-par-des-femmes\/#primaryimage"},"image":{"@id":"https:\/\/cedec.ca\/fr\/nouvelles\/batir-la-resilience-communautaire-par-lentremise-dentreprises-detenues-et-dirigees-par-des-femmes\/#primaryimage"},"thumbnailUrl":"https:\/\/cedec.ca\/wp-content\/uploads\/2021\/11\/Orser_blog_header.png","datePublished":"2021-03-11T22:10:02+00:00","dateModified":"2021-11-10T20:53:42+00:00","breadcrumb":{"@id":"https:\/\/cedec.ca\/fr\/nouvelles\/batir-la-resilience-communautaire-par-lentremise-dentreprises-detenues-et-dirigees-par-des-femmes\/#breadcrumb"},"inLanguage":"fr-FR","potentialAction":[{"@type":"ReadAction","target":["https:\/\/cedec.ca\/fr\/nouvelles\/batir-la-resilience-communautaire-par-lentremise-dentreprises-detenues-et-dirigees-par-des-femmes\/"]}]},{"@type":"ImageObject","inLanguage":"fr-FR","@id":"https:\/\/cedec.ca\/fr\/nouvelles\/batir-la-resilience-communautaire-par-lentremise-dentreprises-detenues-et-dirigees-par-des-femmes\/#primaryimage","url":"https:\/\/cedec.ca\/wp-content\/uploads\/2021\/11\/Orser_blog_header.png","contentUrl":"https:\/\/cedec.ca\/wp-content\/uploads\/2021\/11\/Orser_blog_header.png","width":758,"height":463},{"@type":"BreadcrumbList","@id":"https:\/\/cedec.ca\/fr\/nouvelles\/batir-la-resilience-communautaire-par-lentremise-dentreprises-detenues-et-dirigees-par-des-femmes\/#breadcrumb","itemListElement":[{"@type":"ListItem","position":1,"name":"Home","item":"https:\/\/cedec.ca\/fr\/"},{"@type":"ListItem","position":2,"name":"Nouvelles","item":"https:\/\/cedec.ca\/fr\/nouvelles\/"},{"@type":"ListItem","position":3,"name":"B\u00e2tir la r\u00e9silience communautaire par l\u2019entremise d\u2019entreprises d\u00e9tenues et dirig\u00e9es par des femmes"}]},{"@type":"WebSite","@id":"https:\/\/cedec.ca\/fr\/#website","url":"https:\/\/cedec.ca\/fr\/","name":"CEDEC","description":"","potentialAction":[{"@type":"SearchAction","target":{"@type":"EntryPoint","urlTemplate":"https:\/\/cedec.ca\/fr\/?s={search_term_string}"},"query-input":{"@type":"PropertyValueSpecification","valueRequired":true,"valueName":"search_term_string"}}],"inLanguage":"fr-FR"}]}},"_links":{"self":[{"href":"https:\/\/cedec.ca\/fr\/wp-json\/wp\/v2\/news\/2156","targetHints":{"allow":["GET"]}}],"collection":[{"href":"https:\/\/cedec.ca\/fr\/wp-json\/wp\/v2\/news"}],"about":[{"href":"https:\/\/cedec.ca\/fr\/wp-json\/wp\/v2\/types\/news"}],"version-history":[{"count":0,"href":"https:\/\/cedec.ca\/fr\/wp-json\/wp\/v2\/news\/2156\/revisions"}],"wp:featuredmedia":[{"embeddable":true,"href":"https:\/\/cedec.ca\/fr\/wp-json\/wp\/v2\/media\/2158"}],"wp:attachment":[{"href":"https:\/\/cedec.ca\/fr\/wp-json\/wp\/v2\/media?parent=2156"}],"wp:term":[{"taxonomy":"news-categories","embeddable":true,"href":"https:\/\/cedec.ca\/fr\/wp-json\/wp\/v2\/news-categories?post=2156"}],"curies":[{"name":"wp","href":"https:\/\/api.w.org\/{rel}","templated":true}]}}