{"id":3069,"date":"2023-06-13T21:24:32","date_gmt":"2023-06-13T21:24:32","guid":{"rendered":"https:\/\/cedec.ca\/?post_type=news&#038;p=3069"},"modified":"2023-09-13T20:45:50","modified_gmt":"2023-09-13T20:45:50","slug":"des-produits-touristiques-innovateurs-crees-par-une-initiative-de-la-basse-cote-nord-et-du-labrador","status":"publish","type":"news","link":"https:\/\/cedec.ca\/fr\/nouvelles\/des-produits-touristiques-innovateurs-crees-par-une-initiative-de-la-basse-cote-nord-et-du-labrador\/","title":{"rendered":"Des produits touristiques innovateurs cr\u00e9\u00e9s par une initiative de la Basse-C\u00f4te-Nord et du Labrador"},"content":{"rendered":"\t\t<div data-elementor-type=\"wp-post\" data-elementor-id=\"3069\" class=\"elementor elementor-3069 elementor-3046\" data-elementor-post-type=\"news\">\n\t\t\t\t\t\t<section class=\"elementor-section elementor-top-section elementor-element elementor-element-3f2fdea elementor-section-boxed elementor-section-height-default elementor-section-height-default\" data-id=\"3f2fdea\" data-element_type=\"section\" data-e-type=\"section\">\n\t\t\t\t\t\t<div class=\"elementor-container elementor-column-gap-default\">\n\t\t\t\t\t<div class=\"elementor-column elementor-col-100 elementor-top-column elementor-element elementor-element-7b58ece7\" data-id=\"7b58ece7\" data-element_type=\"column\" data-e-type=\"column\">\n\t\t\t<div class=\"elementor-widget-wrap elementor-element-populated\">\n\t\t\t\t\t\t<section class=\"elementor-section elementor-inner-section elementor-element elementor-element-917e33c elementor-hidden-desktop elementor-section-boxed elementor-section-height-default elementor-section-height-default\" data-id=\"917e33c\" data-element_type=\"section\" data-e-type=\"section\">\n\t\t\t\t\t\t<div class=\"elementor-container elementor-column-gap-default\">\n\t\t\t\t\t<div class=\"elementor-column elementor-col-100 elementor-inner-column elementor-element elementor-element-40e813a6\" data-id=\"40e813a6\" data-element_type=\"column\" data-e-type=\"column\" data-settings=\"{&quot;background_background&quot;:&quot;classic&quot;}\">\n\t\t\t<div class=\"elementor-widget-wrap elementor-element-populated\">\n\t\t\t\t\t\t<div class=\"elementor-element elementor-element-1e43ca8f elementor-widget elementor-widget-shortcode\" data-id=\"1e43ca8f\" data-element_type=\"widget\" data-e-type=\"widget\" data-widget_type=\"shortcode.default\">\n\t\t\t\t<div class=\"elementor-widget-container\">\n\t\t\t\t\t\t\t<div class=\"elementor-shortcode\"><div class=\"news-sidebar\"><ul><li><a href='\/fr\/nouvelles\/'>Toutes les cat\u00e9gories<\/li><li><a href='\/fr\/nouvelles\/?wpv-category=communiques-de-nouvelles'>COMMUNIQU\u00c9S DE NOUVELLES<\/a><\/li><li><a href='\/fr\/nouvelles\/?wpv-category=developpement-economique-collaboratif'>D\u00c9VELOPPEMENT \u00c9CONOMIQUE COLLABORATIF<\/a><\/li><li><a href='\/fr\/nouvelles\/?wpv-category=reprise-economique-en-temps-de-covid-19'>REPRISE \u00c9CONOMIQUE EN TEMPS DE COVID-19<\/a><\/li><li><a href='\/fr\/nouvelles\/?wpv-category=tourisme'>TOURISME<\/a><\/li><li><a href='\/fr\/nouvelles\/?wpv-category=developpement-du-marche-du-travail'>D\u00c9VELOPPEMENT DU MARCH\u00c9 DU TRAVAIL<\/a><\/li><\/ul><\/div<\/div>\n\t\t\t\t\t\t<\/div>\n\t\t\t\t<\/div>\n\t\t\t\t\t<\/div>\n\t\t<\/div>\n\t\t\t\t\t<\/div>\n\t\t<\/section>\n\t\t\t\t\t<\/div>\n\t\t<\/div>\n\t\t\t\t\t<\/div>\n\t\t<\/section>\n\t\t\t\t<section class=\"elementor-section elementor-top-section elementor-element elementor-element-789a7563 elementor-section-boxed elementor-section-height-default elementor-section-height-default\" data-id=\"789a7563\" data-element_type=\"section\" data-e-type=\"section\">\n\t\t\t\t\t\t<div class=\"elementor-container elementor-column-gap-default\">\n\t\t\t\t\t<div class=\"elementor-column elementor-col-50 elementor-top-column elementor-element elementor-element-670c627c\" data-id=\"670c627c\" data-element_type=\"column\" data-e-type=\"column\" data-settings=\"{&quot;background_background&quot;:&quot;classic&quot;}\">\n\t\t\t<div class=\"elementor-widget-wrap elementor-element-populated\">\n\t\t\t\t\t\t<div class=\"elementor-element elementor-element-7a52c73 elementor-widget elementor-widget-image\" data-id=\"7a52c73\" data-element_type=\"widget\" data-e-type=\"widget\" data-widget_type=\"image.default\">\n\t\t\t\t<div class=\"elementor-widget-container\">\n\t\t\t\t\t\t\t\t\t\t\t\t\t\t\t\t<a href=\"https:\/\/whiteley.miaexplore.com\/en\/\" target=\"_blank\">\n\t\t\t\t\t\t\t<img fetchpriority=\"high\" decoding=\"async\" width=\"1640\" height=\"924\" src=\"https:\/\/cedec.ca\/wp-content\/uploads\/2023\/06\/Les-histoires-qui-rassemblent.png\" class=\"attachment-full size-full wp-image-3070\" alt=\"\" srcset=\"https:\/\/cedec.ca\/wp-content\/uploads\/2023\/06\/Les-histoires-qui-rassemblent.png 1640w, https:\/\/cedec.ca\/wp-content\/uploads\/2023\/06\/Les-histoires-qui-rassemblent-300x169.png 300w, https:\/\/cedec.ca\/wp-content\/uploads\/2023\/06\/Les-histoires-qui-rassemblent-1024x577.png 1024w, https:\/\/cedec.ca\/wp-content\/uploads\/2023\/06\/Les-histoires-qui-rassemblent-768x433.png 768w, https:\/\/cedec.ca\/wp-content\/uploads\/2023\/06\/Les-histoires-qui-rassemblent-1536x865.png 1536w, https:\/\/cedec.ca\/wp-content\/uploads\/2023\/06\/Les-histoires-qui-rassemblent-800x450.png 800w\" sizes=\"(max-width: 1640px) 100vw, 1640px\" \/>\t\t\t\t\t\t\t\t<\/a>\n\t\t\t\t\t\t\t\t\t\t\t\t\t\t\t<\/div>\n\t\t\t\t<\/div>\n\t\t\t\t<section class=\"elementor-section elementor-inner-section elementor-element elementor-element-610f1ea4 elementor-section-boxed elementor-section-height-default elementor-section-height-default\" data-id=\"610f1ea4\" data-element_type=\"section\" data-e-type=\"section\">\n\t\t\t\t\t\t<div class=\"elementor-container elementor-column-gap-default\">\n\t\t\t\t\t<div class=\"elementor-column elementor-col-100 elementor-inner-column elementor-element elementor-element-5edc7c3b\" data-id=\"5edc7c3b\" data-element_type=\"column\" data-e-type=\"column\" data-settings=\"{&quot;background_background&quot;:&quot;classic&quot;}\">\n\t\t\t<div class=\"elementor-widget-wrap elementor-element-populated\">\n\t\t\t\t\t\t<div class=\"elementor-element elementor-element-40f03695 elementor-widget elementor-widget-heading\" data-id=\"40f03695\" data-element_type=\"widget\" data-e-type=\"widget\" data-widget_type=\"heading.default\">\n\t\t\t\t<div class=\"elementor-widget-container\">\n\t\t\t\t\t<h1 class=\"elementor-heading-title elementor-size-default\">Des produits touristiques innovateurs cr\u00e9\u00e9s par une initiative de la Basse-C\u00f4te-Nord et du Labrador<\/h1>\t\t\t\t<\/div>\n\t\t\t\t<\/div>\n\t\t\t\t<div class=\"elementor-element elementor-element-959555e elementor-widget elementor-widget-text-editor\" data-id=\"959555e\" data-element_type=\"widget\" data-e-type=\"widget\" data-widget_type=\"text-editor.default\">\n\t\t\t\t<div class=\"elementor-widget-container\">\n\t\t\t\t\t\t\t\t\t<p>Dans le cadre de l\u2019initiative de tourisme interprovincial entre la Basse-C\u00f4te-Nord et le Labrador, le <i>Mus\u00e9e Whiteley<\/i> a con\u00e7u des produits touristiques pour captiver les touristes et les s\u00e9duire afin qu\u2019ils prolongent leur s\u00e9jour dans la r\u00e9gion. Offrant un aper\u00e7u dans la vie des r\u00e9sidents de la Basse-C\u00f4te-Nord au Qu\u00e9bec, ces produits aideront les visiteurs \u00e0 mieux comprendre et \u00e0 conna\u00eetre le style de vie des r\u00e9sidents de la r\u00e9gion.<\/p><p>En mai 2023, le <i>Mus\u00e9e Whiteley<\/i>, situ\u00e9 \u00e0 Bonne-Esp\u00e9rance au Qu\u00e9bec, a publi\u00e9 un <a href=\"https:\/\/www.whiteleymuseum.com\/fr-ca\" target=\"_blank\" rel=\"noopener\">nouveau site Web<\/a>, une s\u00e9rie de capsules vid\u00e9o intitul\u00e9e \u00ab\u00a0<a href=\"https:\/\/whiteley.miaexplore.com\/en\/\" target=\"_blank\" rel=\"noopener\">Les histoires qui rassemblent<\/a>\u00a0\u00bb et un documentaire vid\u00e9o intitul\u00e9 \u00ab <i>Rivi\u00e8re-Saint-Paul : le village d\u2019autrefois et de demain<\/i> \u00bb qui racontent les m\u00e9moires, les esp\u00e9rances et les craintes de ses r\u00e9sidents en chansons et en histoires.<\/p><p>Des panneaux d\u2019interpr\u00e9tation sur le site accompagnent ces produits num\u00e9riques innovateurs pour illustrer l\u2019histoire et la culture des r\u00e9sidents de Rivi\u00e8re-Saint-Paul.<\/p><p>Cette initiative du Mus\u00e9e Whiteley qui dure toute l\u2019ann\u00e9e est l\u2019un des nombreux efforts continus visant \u00e0 offrir aux touristes les exp\u00e9riences culturelles qu\u2019ils recherchent lorsqu\u2019ils visitent la Basse-C\u00f4te-Nord et le Labrador et produisent des avantages \u00e9conomiques tangibles pour la r\u00e9gion, comme (a) un plus grand nombre ou de meilleurs emplois, (b) des investissements accrus et plus cibl\u00e9s, (c) du commerce accru tels que mesur\u00e9s par un s\u00e9jour touristique prolong\u00e9 et des d\u00e9penses accrues des touristes, et (d) des recettes fiscales accrues dans la r\u00e9gion.<\/p>\t\t\t\t\t\t\t\t<\/div>\n\t\t\t\t<\/div>\n\t\t\t\t\t<\/div>\n\t\t<\/div>\n\t\t\t\t\t<\/div>\n\t\t<\/section>\n\t\t\t\t<section class=\"elementor-section elementor-inner-section elementor-element elementor-element-4a5b4193 elementor-section-boxed elementor-section-height-default elementor-section-height-default\" data-id=\"4a5b4193\" data-element_type=\"section\" data-e-type=\"section\" data-settings=\"{&quot;background_background&quot;:&quot;classic&quot;}\">\n\t\t\t\t\t\t<div class=\"elementor-container elementor-column-gap-default\">\n\t\t\t\t\t<div class=\"elementor-column elementor-col-100 elementor-inner-column elementor-element elementor-element-5ce105c6\" data-id=\"5ce105c6\" data-element_type=\"column\" data-e-type=\"column\">\n\t\t\t<div class=\"elementor-widget-wrap elementor-element-populated\">\n\t\t\t\t\t\t<div class=\"elementor-element elementor-element-a2033a6 elementor-widget elementor-widget-text-editor\" data-id=\"a2033a6\" data-element_type=\"widget\" data-e-type=\"widget\" data-widget_type=\"text-editor.default\">\n\t\t\t\t<div class=\"elementor-widget-container\">\n\t\t\t\t\t\t\t\t\t<p>Gr\u00e2ce \u00e0 l\u2019approche de d\u00e9veloppement \u00e9conomique collaboratif de la CEDEC, l\u2019initiative a d\u00e9termin\u00e9 le besoin de cr\u00e9er des exp\u00e9riences de tourisme patrimonial et elle l\u2019a valid\u00e9 par l\u2019entremise de la collecte de renseignements sur le terrain du mod\u00e8le. Les enqu\u00eates effectu\u00e9es en 2022 aupr\u00e8s des visiteurs aux deux centres d\u2019information touristique de Blanc-Sablon en Basse-C\u00f4te-Nord ont r\u00e9v\u00e9l\u00e9 que plus de 40 % des r\u00e9pondants visitaient la Basse-C\u00f4te-Nord pour l\u2019exp\u00e9rience et pour aller aux mus\u00e9es ou autres \u00e9tablissements culturels.<\/p>\t\t\t\t\t\t\t\t<\/div>\n\t\t\t\t<\/div>\n\t\t\t\t\t<\/div>\n\t\t<\/div>\n\t\t\t\t\t<\/div>\n\t\t<\/section>\n\t\t\t\t<section class=\"elementor-section elementor-inner-section elementor-element elementor-element-3259c47d elementor-section-boxed elementor-section-height-default elementor-section-height-default\" data-id=\"3259c47d\" data-element_type=\"section\" data-e-type=\"section\">\n\t\t\t\t\t\t<div class=\"elementor-container elementor-column-gap-default\">\n\t\t\t\t\t<div class=\"elementor-column elementor-col-100 elementor-inner-column elementor-element elementor-element-2182ba89\" data-id=\"2182ba89\" data-element_type=\"column\" data-e-type=\"column\">\n\t\t\t<div class=\"elementor-widget-wrap elementor-element-populated\">\n\t\t\t\t\t\t<div class=\"elementor-element elementor-element-2f8cd92b elementor-widget elementor-widget-post-navigation\" data-id=\"2f8cd92b\" data-element_type=\"widget\" data-e-type=\"widget\" data-widget_type=\"post-navigation.default\">\n\t\t\t\t<div class=\"elementor-widget-container\">\n\t\t\t\t\t\t\t<div class=\"elementor-post-navigation\" role=\"navigation\" aria-label=\"Navigation de publication\">\n\t\t\t<div class=\"elementor-post-navigation__prev elementor-post-navigation__link\">\n\t\t\t\t<a href=\"https:\/\/cedec.ca\/fr\/nouvelles\/une-serie-de-diners-spectacles-donne-le-coup-denvoi-a-un-effort-collaboratif-pour-augmenter-le-tourisme-local\/\" rel=\"prev\"><span class=\"post-navigation__arrow-wrapper post-navigation__arrow-prev\"><i aria-hidden=\"true\" class=\"fas fa-angle-left\"><\/i><span class=\"elementor-screen-only\">Pr\u00e9c\u00e9dent<\/span><\/span><span class=\"elementor-post-navigation__link__prev\"><\/span><\/a>\t\t\t<\/div>\n\t\t\t\t\t\t<div class=\"elementor-post-navigation__next elementor-post-navigation__link\">\n\t\t\t\t<a href=\"https:\/\/cedec.ca\/fr\/nouvelles\/la-cedec-preside-une-discussion-sur-les-enjeux-de-la-main-doeuvre-des-regions-rurales-et-eloignees-et-des-occasions\/\" rel=\"next\"><span class=\"elementor-post-navigation__link__next\"><\/span><span class=\"post-navigation__arrow-wrapper post-navigation__arrow-next\"><i aria-hidden=\"true\" class=\"fas fa-angle-right\"><\/i><span class=\"elementor-screen-only\">Suivant<\/span><\/span><\/a>\t\t\t<\/div>\n\t\t<\/div>\n\t\t\t\t\t\t<\/div>\n\t\t\t\t<\/div>\n\t\t\t\t\t<\/div>\n\t\t<\/div>\n\t\t\t\t\t<\/div>\n\t\t<\/section>\n\t\t\t\t\t<\/div>\n\t\t<\/div>\n\t\t\t\t<div class=\"elementor-column elementor-col-50 elementor-top-column elementor-element elementor-element-34e2fcf9 sticky-parent\" data-id=\"34e2fcf9\" data-element_type=\"column\" data-e-type=\"column\">\n\t\t\t<div class=\"elementor-widget-wrap elementor-element-populated\">\n\t\t\t\t\t\t<section class=\"elementor-section elementor-inner-section elementor-element elementor-element-54bdb2e2 sticky-column elementor-hidden-tablet elementor-hidden-phone elementor-section-boxed elementor-section-height-default elementor-section-height-default\" data-id=\"54bdb2e2\" data-element_type=\"section\" data-e-type=\"section\">\n\t\t\t\t\t\t<div class=\"elementor-container elementor-column-gap-default\">\n\t\t\t\t\t<div class=\"elementor-column elementor-col-100 elementor-inner-column elementor-element elementor-element-35d6d8f5 titlesticky\" data-id=\"35d6d8f5\" data-element_type=\"column\" data-e-type=\"column\" data-settings=\"{&quot;background_background&quot;:&quot;classic&quot;}\">\n\t\t\t<div class=\"elementor-widget-wrap elementor-element-populated\">\n\t\t\t\t\t\t<div class=\"elementor-element elementor-element-5151ccfd elementor-widget elementor-widget-shortcode\" data-id=\"5151ccfd\" data-element_type=\"widget\" data-e-type=\"widget\" data-widget_type=\"shortcode.default\">\n\t\t\t\t<div class=\"elementor-widget-container\">\n\t\t\t\t\t\t\t<div class=\"elementor-shortcode\"><div class=\"news-sidebar\"><ul><li><a href='\/fr\/nouvelles\/'>Toutes les cat\u00e9gories<\/li><li><a href='\/fr\/nouvelles\/?wpv-category=communiques-de-nouvelles'>COMMUNIQU\u00c9S DE NOUVELLES<\/a><\/li><li><a href='\/fr\/nouvelles\/?wpv-category=developpement-economique-collaboratif'>D\u00c9VELOPPEMENT \u00c9CONOMIQUE COLLABORATIF<\/a><\/li><li><a href='\/fr\/nouvelles\/?wpv-category=reprise-economique-en-temps-de-covid-19'>REPRISE \u00c9CONOMIQUE EN TEMPS DE COVID-19<\/a><\/li><li><a href='\/fr\/nouvelles\/?wpv-category=tourisme'>TOURISME<\/a><\/li><li><a href='\/fr\/nouvelles\/?wpv-category=developpement-du-marche-du-travail'>D\u00c9VELOPPEMENT DU MARCH\u00c9 DU TRAVAIL<\/a><\/li><\/ul><\/div<\/div>\n\t\t\t\t\t\t<\/div>\n\t\t\t\t<\/div>\n\t\t\t\t\t<\/div>\n\t\t<\/div>\n\t\t\t\t\t<\/div>\n\t\t<\/section>\n\t\t\t\t\t<\/div>\n\t\t<\/div>\n\t\t\t\t\t<\/div>\n\t\t<\/section>\n\t\t\t\t<\/div>\n\t\t","protected":false},"excerpt":{"rendered":"<p>Des produits touristiques innovateurs cr\u00e9\u00e9s par une initiative de la Basse-C\u00f4te-Nord et du Labrador Dans le cadre de l\u2019initiative de tourisme interprovincial entre la Basse-C\u00f4te-Nord et le Labrador, le Mus\u00e9e Whiteley a con\u00e7u des produits touristiques pour captiver les touristes et les s\u00e9duire afin qu\u2019ils prolongent leur s\u00e9jour dans la r\u00e9gion. Offrant un aper\u00e7u dans [&hellip;]<\/p>\n","protected":false},"featured_media":3070,"template":"","news-categories":[41],"class_list":["post-3069","news","type-news","status-publish","has-post-thumbnail","hentry","news-categories-tourisme","entry","has-media"],"acf":[],"yoast_head":"<!-- This site is optimized with the Yoast SEO plugin v27.4 - https:\/\/yoast.com\/product\/yoast-seo-wordpress\/ -->\n<title>Des produits touristiques innovateurs cr\u00e9\u00e9s par une initiative de la Basse-C\u00f4te-Nord et du Labrador - CEDEC<\/title>\n<meta name=\"robots\" content=\"index, follow, max-snippet:-1, max-image-preview:large, max-video-preview:-1\" \/>\n<link rel=\"canonical\" href=\"https:\/\/cedec.ca\/fr\/nouvelles\/des-produits-touristiques-innovateurs-crees-par-une-initiative-de-la-basse-cote-nord-et-du-labrador\/\" \/>\n<meta property=\"og:locale\" content=\"fr_FR\" \/>\n<meta property=\"og:type\" content=\"article\" \/>\n<meta property=\"og:title\" content=\"Des produits touristiques innovateurs cr\u00e9\u00e9s par une initiative de la Basse-C\u00f4te-Nord et du Labrador - CEDEC\" \/>\n<meta property=\"og:description\" content=\"Des produits touristiques innovateurs cr\u00e9\u00e9s par une initiative de la Basse-C\u00f4te-Nord et du Labrador Dans le cadre de l\u2019initiative de tourisme interprovincial entre la Basse-C\u00f4te-Nord et le Labrador, le Mus\u00e9e Whiteley a con\u00e7u des produits touristiques pour captiver les touristes et les s\u00e9duire afin qu\u2019ils prolongent leur s\u00e9jour dans la r\u00e9gion. Offrant un aper\u00e7u dans [&hellip;]\" \/>\n<meta property=\"og:url\" content=\"https:\/\/cedec.ca\/fr\/nouvelles\/des-produits-touristiques-innovateurs-crees-par-une-initiative-de-la-basse-cote-nord-et-du-labrador\/\" \/>\n<meta property=\"og:site_name\" content=\"CEDEC\" \/>\n<meta property=\"article:modified_time\" content=\"2023-09-13T20:45:50+00:00\" \/>\n<meta property=\"og:image\" content=\"https:\/\/cedec.ca\/wp-content\/uploads\/2023\/06\/Les-histoires-qui-rassemblent.png\" \/>\n\t<meta property=\"og:image:width\" content=\"1640\" \/>\n\t<meta property=\"og:image:height\" content=\"924\" \/>\n\t<meta property=\"og:image:type\" content=\"image\/png\" \/>\n<meta name=\"twitter:card\" content=\"summary_large_image\" \/>\n<meta name=\"twitter:label1\" content=\"Dur\u00e9e de lecture estim\u00e9e\" \/>\n\t<meta name=\"twitter:data1\" content=\"2 minutes\" \/>\n<script type=\"application\/ld+json\" class=\"yoast-schema-graph\">{\"@context\":\"https:\\\/\\\/schema.org\",\"@graph\":[{\"@type\":\"WebPage\",\"@id\":\"https:\\\/\\\/cedec.ca\\\/fr\\\/nouvelles\\\/des-produits-touristiques-innovateurs-crees-par-une-initiative-de-la-basse-cote-nord-et-du-labrador\\\/\",\"url\":\"https:\\\/\\\/cedec.ca\\\/fr\\\/nouvelles\\\/des-produits-touristiques-innovateurs-crees-par-une-initiative-de-la-basse-cote-nord-et-du-labrador\\\/\",\"name\":\"Des produits touristiques innovateurs cr\u00e9\u00e9s par une initiative de la Basse-C\u00f4te-Nord et du Labrador - CEDEC\",\"isPartOf\":{\"@id\":\"https:\\\/\\\/cedec.ca\\\/fr\\\/#website\"},\"primaryImageOfPage\":{\"@id\":\"https:\\\/\\\/cedec.ca\\\/fr\\\/nouvelles\\\/des-produits-touristiques-innovateurs-crees-par-une-initiative-de-la-basse-cote-nord-et-du-labrador\\\/#primaryimage\"},\"image\":{\"@id\":\"https:\\\/\\\/cedec.ca\\\/fr\\\/nouvelles\\\/des-produits-touristiques-innovateurs-crees-par-une-initiative-de-la-basse-cote-nord-et-du-labrador\\\/#primaryimage\"},\"thumbnailUrl\":\"https:\\\/\\\/cedec.ca\\\/wp-content\\\/uploads\\\/2023\\\/06\\\/Les-histoires-qui-rassemblent.png\",\"datePublished\":\"2023-06-13T21:24:32+00:00\",\"dateModified\":\"2023-09-13T20:45:50+00:00\",\"breadcrumb\":{\"@id\":\"https:\\\/\\\/cedec.ca\\\/fr\\\/nouvelles\\\/des-produits-touristiques-innovateurs-crees-par-une-initiative-de-la-basse-cote-nord-et-du-labrador\\\/#breadcrumb\"},\"inLanguage\":\"fr-FR\",\"potentialAction\":[{\"@type\":\"ReadAction\",\"target\":[\"https:\\\/\\\/cedec.ca\\\/fr\\\/nouvelles\\\/des-produits-touristiques-innovateurs-crees-par-une-initiative-de-la-basse-cote-nord-et-du-labrador\\\/\"]}]},{\"@type\":\"ImageObject\",\"inLanguage\":\"fr-FR\",\"@id\":\"https:\\\/\\\/cedec.ca\\\/fr\\\/nouvelles\\\/des-produits-touristiques-innovateurs-crees-par-une-initiative-de-la-basse-cote-nord-et-du-labrador\\\/#primaryimage\",\"url\":\"https:\\\/\\\/cedec.ca\\\/wp-content\\\/uploads\\\/2023\\\/06\\\/Les-histoires-qui-rassemblent.png\",\"contentUrl\":\"https:\\\/\\\/cedec.ca\\\/wp-content\\\/uploads\\\/2023\\\/06\\\/Les-histoires-qui-rassemblent.png\",\"width\":1640,\"height\":924},{\"@type\":\"BreadcrumbList\",\"@id\":\"https:\\\/\\\/cedec.ca\\\/fr\\\/nouvelles\\\/des-produits-touristiques-innovateurs-crees-par-une-initiative-de-la-basse-cote-nord-et-du-labrador\\\/#breadcrumb\",\"itemListElement\":[{\"@type\":\"ListItem\",\"position\":1,\"name\":\"Home\",\"item\":\"https:\\\/\\\/cedec.ca\\\/fr\\\/\"},{\"@type\":\"ListItem\",\"position\":2,\"name\":\"Nouvelles\",\"item\":\"https:\\\/\\\/cedec.ca\\\/fr\\\/nouvelles\\\/\"},{\"@type\":\"ListItem\",\"position\":3,\"name\":\"Des produits touristiques innovateurs cr\u00e9\u00e9s par une initiative de la Basse-C\u00f4te-Nord et du Labrador\"}]},{\"@type\":\"WebSite\",\"@id\":\"https:\\\/\\\/cedec.ca\\\/fr\\\/#website\",\"url\":\"https:\\\/\\\/cedec.ca\\\/fr\\\/\",\"name\":\"CEDEC\",\"description\":\"\",\"potentialAction\":[{\"@type\":\"SearchAction\",\"target\":{\"@type\":\"EntryPoint\",\"urlTemplate\":\"https:\\\/\\\/cedec.ca\\\/fr\\\/?s={search_term_string}\"},\"query-input\":{\"@type\":\"PropertyValueSpecification\",\"valueRequired\":true,\"valueName\":\"search_term_string\"}}],\"inLanguage\":\"fr-FR\"}]}<\/script>\n<!-- \/ Yoast SEO plugin. -->","yoast_head_json":{"title":"Des produits touristiques innovateurs cr\u00e9\u00e9s par une initiative de la Basse-C\u00f4te-Nord et du Labrador - CEDEC","robots":{"index":"index","follow":"follow","max-snippet":"max-snippet:-1","max-image-preview":"max-image-preview:large","max-video-preview":"max-video-preview:-1"},"canonical":"https:\/\/cedec.ca\/fr\/nouvelles\/des-produits-touristiques-innovateurs-crees-par-une-initiative-de-la-basse-cote-nord-et-du-labrador\/","og_locale":"fr_FR","og_type":"article","og_title":"Des produits touristiques innovateurs cr\u00e9\u00e9s par une initiative de la Basse-C\u00f4te-Nord et du Labrador - CEDEC","og_description":"Des produits touristiques innovateurs cr\u00e9\u00e9s par une initiative de la Basse-C\u00f4te-Nord et du Labrador Dans le cadre de l\u2019initiative de tourisme interprovincial entre la Basse-C\u00f4te-Nord et le Labrador, le Mus\u00e9e Whiteley a con\u00e7u des produits touristiques pour captiver les touristes et les s\u00e9duire afin qu\u2019ils prolongent leur s\u00e9jour dans la r\u00e9gion. Offrant un aper\u00e7u dans [&hellip;]","og_url":"https:\/\/cedec.ca\/fr\/nouvelles\/des-produits-touristiques-innovateurs-crees-par-une-initiative-de-la-basse-cote-nord-et-du-labrador\/","og_site_name":"CEDEC","article_modified_time":"2023-09-13T20:45:50+00:00","og_image":[{"width":1640,"height":924,"url":"https:\/\/cedec.ca\/wp-content\/uploads\/2023\/06\/Les-histoires-qui-rassemblent.png","type":"image\/png"}],"twitter_card":"summary_large_image","twitter_misc":{"Dur\u00e9e de lecture estim\u00e9e":"2 minutes"},"schema":{"@context":"https:\/\/schema.org","@graph":[{"@type":"WebPage","@id":"https:\/\/cedec.ca\/fr\/nouvelles\/des-produits-touristiques-innovateurs-crees-par-une-initiative-de-la-basse-cote-nord-et-du-labrador\/","url":"https:\/\/cedec.ca\/fr\/nouvelles\/des-produits-touristiques-innovateurs-crees-par-une-initiative-de-la-basse-cote-nord-et-du-labrador\/","name":"Des produits touristiques innovateurs cr\u00e9\u00e9s par une initiative de la Basse-C\u00f4te-Nord et du Labrador - CEDEC","isPartOf":{"@id":"https:\/\/cedec.ca\/fr\/#website"},"primaryImageOfPage":{"@id":"https:\/\/cedec.ca\/fr\/nouvelles\/des-produits-touristiques-innovateurs-crees-par-une-initiative-de-la-basse-cote-nord-et-du-labrador\/#primaryimage"},"image":{"@id":"https:\/\/cedec.ca\/fr\/nouvelles\/des-produits-touristiques-innovateurs-crees-par-une-initiative-de-la-basse-cote-nord-et-du-labrador\/#primaryimage"},"thumbnailUrl":"https:\/\/cedec.ca\/wp-content\/uploads\/2023\/06\/Les-histoires-qui-rassemblent.png","datePublished":"2023-06-13T21:24:32+00:00","dateModified":"2023-09-13T20:45:50+00:00","breadcrumb":{"@id":"https:\/\/cedec.ca\/fr\/nouvelles\/des-produits-touristiques-innovateurs-crees-par-une-initiative-de-la-basse-cote-nord-et-du-labrador\/#breadcrumb"},"inLanguage":"fr-FR","potentialAction":[{"@type":"ReadAction","target":["https:\/\/cedec.ca\/fr\/nouvelles\/des-produits-touristiques-innovateurs-crees-par-une-initiative-de-la-basse-cote-nord-et-du-labrador\/"]}]},{"@type":"ImageObject","inLanguage":"fr-FR","@id":"https:\/\/cedec.ca\/fr\/nouvelles\/des-produits-touristiques-innovateurs-crees-par-une-initiative-de-la-basse-cote-nord-et-du-labrador\/#primaryimage","url":"https:\/\/cedec.ca\/wp-content\/uploads\/2023\/06\/Les-histoires-qui-rassemblent.png","contentUrl":"https:\/\/cedec.ca\/wp-content\/uploads\/2023\/06\/Les-histoires-qui-rassemblent.png","width":1640,"height":924},{"@type":"BreadcrumbList","@id":"https:\/\/cedec.ca\/fr\/nouvelles\/des-produits-touristiques-innovateurs-crees-par-une-initiative-de-la-basse-cote-nord-et-du-labrador\/#breadcrumb","itemListElement":[{"@type":"ListItem","position":1,"name":"Home","item":"https:\/\/cedec.ca\/fr\/"},{"@type":"ListItem","position":2,"name":"Nouvelles","item":"https:\/\/cedec.ca\/fr\/nouvelles\/"},{"@type":"ListItem","position":3,"name":"Des produits touristiques innovateurs cr\u00e9\u00e9s par une initiative de la Basse-C\u00f4te-Nord et du Labrador"}]},{"@type":"WebSite","@id":"https:\/\/cedec.ca\/fr\/#website","url":"https:\/\/cedec.ca\/fr\/","name":"CEDEC","description":"","potentialAction":[{"@type":"SearchAction","target":{"@type":"EntryPoint","urlTemplate":"https:\/\/cedec.ca\/fr\/?s={search_term_string}"},"query-input":{"@type":"PropertyValueSpecification","valueRequired":true,"valueName":"search_term_string"}}],"inLanguage":"fr-FR"}]}},"_links":{"self":[{"href":"https:\/\/cedec.ca\/fr\/wp-json\/wp\/v2\/news\/3069","targetHints":{"allow":["GET"]}}],"collection":[{"href":"https:\/\/cedec.ca\/fr\/wp-json\/wp\/v2\/news"}],"about":[{"href":"https:\/\/cedec.ca\/fr\/wp-json\/wp\/v2\/types\/news"}],"version-history":[{"count":0,"href":"https:\/\/cedec.ca\/fr\/wp-json\/wp\/v2\/news\/3069\/revisions"}],"wp:featuredmedia":[{"embeddable":true,"href":"https:\/\/cedec.ca\/fr\/wp-json\/wp\/v2\/media\/3070"}],"wp:attachment":[{"href":"https:\/\/cedec.ca\/fr\/wp-json\/wp\/v2\/media?parent=3069"}],"wp:term":[{"taxonomy":"news-categories","embeddable":true,"href":"https:\/\/cedec.ca\/fr\/wp-json\/wp\/v2\/news-categories?post=3069"}],"curies":[{"name":"wp","href":"https:\/\/api.w.org\/{rel}","templated":true}]}}